{"id":124943,"date":"2025-02-19T12:18:40","date_gmt":"2025-02-19T11:18:40","guid":{"rendered":"https:\/\/www.leslundisdhortense.be\/?p=124943"},"modified":"2025-04-02T00:38:20","modified_gmt":"2025-04-01T22:38:20","slug":"interview-gaetan-casteels","status":"publish","type":"post","link":"https:\/\/www.leslundisdhortense.be\/nl\/interview-gaetan-casteels\/","title":{"rendered":"Interview : Ga\u00ebtan Casteels"},"content":{"rendered":"<h1><strong>Contrabassist Ga\u00ebtan Casteels is <\/strong><strong>van 19 februari tot 16 maart <\/strong><strong>op tournee met zijn kwintet Oza\u00edn<\/strong><\/h1>\n<p>Ter gelegenheid hiervan was Ga\u00ebtan Casteels bereid om deel te nemen aan ons \u201cJazz and Curious\u201d interview. Elk seizoen verwelkomt Jazz and Curious diegenen die het nieuws van de Jazz Tour maken, en af en toe een belangrijke figuur in de Belgische jazz. Hier is de kans om je favorieten, grappige anekdotes en onsterfelijke herinneringen te delen&#8230;<\/p>\n<p>Je vond dit interview leuk ?<\/p>\n<p>Bekijk al onze interviews op <a href=\"https:\/\/www.youtube.com\/playlist?list=PLkr-J-V5sBbHizl6qB-GxtpN6uaGxezt0\">ons YouTube-kanaal<\/a><\/p>\n<p><iframe title=\"YouTube video player\" src=\"https:\/\/www.youtube.com\/embed\/GKKNYiQ8A4s?si=IrZ5isOOJzfIH-om\" width=\"560\" height=\"560\" frameborder=\"0\" allowfullscreen=\"allowfullscreen\"><\/iframe><\/p>\n","protected":false},"excerpt":{"rendered":"<p>Contrabassist Ga\u00ebtan Casteels is van 19 februari tot 16 maart op tournee met zijn kwintet Oza\u00edn Ter gelegenheid hiervan was [&hellip;]<\/p>\n","protected":false},"author":5,"featured_media":124945,"comment_status":"closed","ping_status":"closed","sticky":false,"template":"","format":"standard","meta":{"_acf_changed":false,"_uf_show_specific_survey":0,"_uf_disable_surveys":false,"footnotes":""},"categories":[165],"tags":[],"class_list":["post-124943","post","type-post","status-publish","format-standard","has-post-thumbnail","hentry","category-videos-nl"],"acf":[],"yoast_head":"<!-- This site is optimized with the Yoast SEO plugin v27.5 - https:\/\/yoast.com\/product\/yoast-seo-wordpress\/ -->\n<title>Interview : Ga\u00ebtan Casteels - Les Lundis d&#039;Hortense<\/title>\n<meta name=\"description\" content=\"Ga\u00ebtan Casteels is op tournee van 19 februari tot 16 maart met zijn kwintet Oza\u00edn. Bekijk nu zijn interview voor Jazz and Curious\" \/>\n<meta name=\"robots\" content=\"index, follow, max-snippet:-1, max-image-preview:large, max-video-preview:-1\" \/>\n<link rel=\"canonical\" href=\"https:\/\/www.leslundisdhortense.be\/nl\/interview-gaetan-casteels\/\" \/>\n<meta property=\"og:locale\" content=\"nl_NL\" \/>\n<meta property=\"og:type\" content=\"article\" \/>\n<meta property=\"og:title\" content=\"Interview : Ga\u00ebtan Casteels - Les Lundis d&#039;Hortense\" \/>\n<meta property=\"og:description\" content=\"Ga\u00ebtan Casteels is op tournee van 19 februari tot 16 maart met zijn kwintet Oza\u00edn. Bekijk nu zijn interview voor Jazz and Curious\" \/>\n<meta property=\"og:url\" content=\"https:\/\/www.leslundisdhortense.be\/nl\/interview-gaetan-casteels\/\" \/>\n<meta property=\"og:site_name\" content=\"Les Lundis d&#039;Hortense\" \/>\n<meta property=\"article:publisher\" content=\"https:\/\/www.facebook.com\/leslundisdhortense\" \/>\n<meta property=\"article:published_time\" content=\"2025-02-19T11:18:40+00:00\" \/>\n<meta property=\"article:modified_time\" content=\"2025-04-01T22:38:20+00:00\" \/>\n<meta property=\"og:image\" content=\"https:\/\/www.leslundisdhortense.be\/wp-content\/uploads\/2025\/02\/Interview-Jazz-and-Curious-24-25-Gaetan-Casteels-scaled-e1743547086459.jpg\" \/>\n\t<meta property=\"og:image:width\" content=\"1812\" \/>\n\t<meta property=\"og:image:height\" content=\"1048\" \/>\n\t<meta property=\"og:image:type\" content=\"image\/jpeg\" \/>\n<meta name=\"author\" content=\"Dana\" \/>\n<meta name=\"twitter:card\" content=\"summary_large_image\" \/>\n<meta name=\"twitter:creator\" content=\"@lundisdhortense\" \/>\n<meta name=\"twitter:site\" content=\"@lundisdhortense\" \/>\n<meta name=\"twitter:label1\" content=\"Geschreven door\" \/>\n\t<meta name=\"twitter:data1\" content=\"Dana\" \/>\n\t<meta name=\"twitter:label2\" content=\"Geschatte leestijd\" \/>\n\t<meta name=\"twitter:data2\" content=\"1 minuut\" \/>\n<script type=\"application\/ld+json\" class=\"yoast-schema-graph\">{\"@context\":\"https:\\\/\\\/schema.org\",\"@graph\":[{\"@type\":\"Article\",\"@id\":\"https:\\\/\\\/www.leslundisdhortense.be\\\/nl\\\/interview-gaetan-casteels\\\/#article\",\"isPartOf\":{\"@id\":\"https:\\\/\\\/www.leslundisdhortense.be\\\/nl\\\/interview-gaetan-casteels\\\/\"},\"author\":{\"name\":\"Dana\",\"@id\":\"https:\\\/\\\/www.leslundisdhortense.be\\\/nl\\\/#\\\/schema\\\/person\\\/bfe58efbce966d9944f5159b8fdb0515\"},\"headline\":\"Interview : Ga\u00ebtan Casteels\",\"datePublished\":\"2025-02-19T11:18:40+00:00\",\"dateModified\":\"2025-04-01T22:38:20+00:00\",\"mainEntityOfPage\":{\"@id\":\"https:\\\/\\\/www.leslundisdhortense.be\\\/nl\\\/interview-gaetan-casteels\\\/\"},\"wordCount\":90,\"publisher\":{\"@id\":\"https:\\\/\\\/www.leslundisdhortense.be\\\/nl\\\/#organization\"},\"image\":{\"@id\":\"https:\\\/\\\/www.leslundisdhortense.be\\\/nl\\\/interview-gaetan-casteels\\\/#primaryimage\"},\"thumbnailUrl\":\"https:\\\/\\\/www.leslundisdhortense.be\\\/wp-content\\\/uploads\\\/2025\\\/02\\\/Interview-Jazz-and-Curious-24-25-Gaetan-Casteels-scaled-e1743547086459.jpg\",\"articleSection\":[\"vid\u00e9os\"],\"inLanguage\":\"nl-NL\"},{\"@type\":\"WebPage\",\"@id\":\"https:\\\/\\\/www.leslundisdhortense.be\\\/nl\\\/interview-gaetan-casteels\\\/\",\"url\":\"https:\\\/\\\/www.leslundisdhortense.be\\\/nl\\\/interview-gaetan-casteels\\\/\",\"name\":\"Interview : Ga\u00ebtan Casteels - Les Lundis d&#039;Hortense\",\"isPartOf\":{\"@id\":\"https:\\\/\\\/www.leslundisdhortense.be\\\/nl\\\/#website\"},\"primaryImageOfPage\":{\"@id\":\"https:\\\/\\\/www.leslundisdhortense.be\\\/nl\\\/interview-gaetan-casteels\\\/#primaryimage\"},\"image\":{\"@id\":\"https:\\\/\\\/www.leslundisdhortense.be\\\/nl\\\/interview-gaetan-casteels\\\/#primaryimage\"},\"thumbnailUrl\":\"https:\\\/\\\/www.leslundisdhortense.be\\\/wp-content\\\/uploads\\\/2025\\\/02\\\/Interview-Jazz-and-Curious-24-25-Gaetan-Casteels-scaled-e1743547086459.jpg\",\"datePublished\":\"2025-02-19T11:18:40+00:00\",\"dateModified\":\"2025-04-01T22:38:20+00:00\",\"description\":\"Ga\u00ebtan Casteels is op tournee van 19 februari tot 16 maart met zijn kwintet Oza\u00edn. Bekijk nu zijn interview voor Jazz and Curious\",\"breadcrumb\":{\"@id\":\"https:\\\/\\\/www.leslundisdhortense.be\\\/nl\\\/interview-gaetan-casteels\\\/#breadcrumb\"},\"inLanguage\":\"nl-NL\",\"potentialAction\":[{\"@type\":\"ReadAction\",\"target\":[\"https:\\\/\\\/www.leslundisdhortense.be\\\/nl\\\/interview-gaetan-casteels\\\/\"]}]},{\"@type\":\"ImageObject\",\"inLanguage\":\"nl-NL\",\"@id\":\"https:\\\/\\\/www.leslundisdhortense.be\\\/nl\\\/interview-gaetan-casteels\\\/#primaryimage\",\"url\":\"https:\\\/\\\/www.leslundisdhortense.be\\\/wp-content\\\/uploads\\\/2025\\\/02\\\/Interview-Jazz-and-Curious-24-25-Gaetan-Casteels-scaled-e1743547086459.jpg\",\"contentUrl\":\"https:\\\/\\\/www.leslundisdhortense.be\\\/wp-content\\\/uploads\\\/2025\\\/02\\\/Interview-Jazz-and-Curious-24-25-Gaetan-Casteels-scaled-e1743547086459.jpg\",\"width\":1812,\"height\":1048},{\"@type\":\"BreadcrumbList\",\"@id\":\"https:\\\/\\\/www.leslundisdhortense.be\\\/nl\\\/interview-gaetan-casteels\\\/#breadcrumb\",\"itemListElement\":[{\"@type\":\"ListItem\",\"position\":1,\"name\":\"Accueil\",\"item\":\"https:\\\/\\\/www.leslundisdhortense.be\\\/nl\\\/\"},{\"@type\":\"ListItem\",\"position\":2,\"name\":\"Interview : Ga\u00ebtan Casteels\"}]},{\"@type\":\"WebSite\",\"@id\":\"https:\\\/\\\/www.leslundisdhortense.be\\\/nl\\\/#website\",\"url\":\"https:\\\/\\\/www.leslundisdhortense.be\\\/nl\\\/\",\"name\":\"Les Lundis d'Hortense\",\"description\":\"C&#039;est du jazz belge\",\"publisher\":{\"@id\":\"https:\\\/\\\/www.leslundisdhortense.be\\\/nl\\\/#organization\"},\"potentialAction\":[{\"@type\":\"SearchAction\",\"target\":{\"@type\":\"EntryPoint\",\"urlTemplate\":\"https:\\\/\\\/www.leslundisdhortense.be\\\/nl\\\/?s={search_term_string}\"},\"query-input\":{\"@type\":\"PropertyValueSpecification\",\"valueRequired\":true,\"valueName\":\"search_term_string\"}}],\"inLanguage\":\"nl-NL\"},{\"@type\":\"Organization\",\"@id\":\"https:\\\/\\\/www.leslundisdhortense.be\\\/nl\\\/#organization\",\"name\":\"Les Lundis d'Hortense\",\"url\":\"https:\\\/\\\/www.leslundisdhortense.be\\\/nl\\\/\",\"logo\":{\"@type\":\"ImageObject\",\"inLanguage\":\"nl-NL\",\"@id\":\"https:\\\/\\\/www.leslundisdhortense.be\\\/nl\\\/#\\\/schema\\\/logo\\\/image\\\/\",\"url\":\"https:\\\/\\\/www.leslundisdhortense.be\\\/wp-content\\\/uploads\\\/2022\\\/12\\\/LDH-logo-negatif-couleur.jpg\",\"contentUrl\":\"https:\\\/\\\/www.leslundisdhortense.be\\\/wp-content\\\/uploads\\\/2022\\\/12\\\/LDH-logo-negatif-couleur.jpg\",\"width\":2048,\"height\":2185,\"caption\":\"Les Lundis d'Hortense\"},\"image\":{\"@id\":\"https:\\\/\\\/www.leslundisdhortense.be\\\/nl\\\/#\\\/schema\\\/logo\\\/image\\\/\"},\"sameAs\":[\"https:\\\/\\\/www.facebook.com\\\/leslundisdhortense\",\"https:\\\/\\\/x.com\\\/lundisdhortense\",\"https:\\\/\\\/www.instagram.com\\\/leslundisdhortense\\\/\",\"https:\\\/\\\/www.youtube.com\\\/channel\\\/UCrpzRDMAiXU1t-ExuavTmhA\"]},{\"@type\":\"Person\",\"@id\":\"https:\\\/\\\/www.leslundisdhortense.be\\\/nl\\\/#\\\/schema\\\/person\\\/bfe58efbce966d9944f5159b8fdb0515\",\"name\":\"Dana\"}]}<\/script>\n<!-- \/ Yoast SEO plugin. -->","yoast_head_json":{"title":"Interview : Ga\u00ebtan Casteels - Les Lundis d&#039;Hortense","description":"Ga\u00ebtan Casteels is op tournee van 19 februari tot 16 maart met zijn kwintet Oza\u00edn. Bekijk nu zijn interview voor Jazz and Curious","robots":{"index":"index","follow":"follow","max-snippet":"max-snippet:-1","max-image-preview":"max-image-preview:large","max-video-preview":"max-video-preview:-1"},"canonical":"https:\/\/www.leslundisdhortense.be\/nl\/interview-gaetan-casteels\/","og_locale":"nl_NL","og_type":"article","og_title":"Interview : Ga\u00ebtan Casteels - Les Lundis d&#039;Hortense","og_description":"Ga\u00ebtan Casteels is op tournee van 19 februari tot 16 maart met zijn kwintet Oza\u00edn. Bekijk nu zijn interview voor Jazz and Curious","og_url":"https:\/\/www.leslundisdhortense.be\/nl\/interview-gaetan-casteels\/","og_site_name":"Les Lundis d&#039;Hortense","article_publisher":"https:\/\/www.facebook.com\/leslundisdhortense","article_published_time":"2025-02-19T11:18:40+00:00","article_modified_time":"2025-04-01T22:38:20+00:00","og_image":[{"width":1812,"height":1048,"url":"https:\/\/www.leslundisdhortense.be\/wp-content\/uploads\/2025\/02\/Interview-Jazz-and-Curious-24-25-Gaetan-Casteels-scaled-e1743547086459.jpg","type":"image\/jpeg"}],"author":"Dana","twitter_card":"summary_large_image","twitter_creator":"@lundisdhortense","twitter_site":"@lundisdhortense","twitter_misc":{"Geschreven door":"Dana","Geschatte leestijd":"1 minuut"},"schema":{"@context":"https:\/\/schema.org","@graph":[{"@type":"Article","@id":"https:\/\/www.leslundisdhortense.be\/nl\/interview-gaetan-casteels\/#article","isPartOf":{"@id":"https:\/\/www.leslundisdhortense.be\/nl\/interview-gaetan-casteels\/"},"author":{"name":"Dana","@id":"https:\/\/www.leslundisdhortense.be\/nl\/#\/schema\/person\/bfe58efbce966d9944f5159b8fdb0515"},"headline":"Interview : Ga\u00ebtan Casteels","datePublished":"2025-02-19T11:18:40+00:00","dateModified":"2025-04-01T22:38:20+00:00","mainEntityOfPage":{"@id":"https:\/\/www.leslundisdhortense.be\/nl\/interview-gaetan-casteels\/"},"wordCount":90,"publisher":{"@id":"https:\/\/www.leslundisdhortense.be\/nl\/#organization"},"image":{"@id":"https:\/\/www.leslundisdhortense.be\/nl\/interview-gaetan-casteels\/#primaryimage"},"thumbnailUrl":"https:\/\/www.leslundisdhortense.be\/wp-content\/uploads\/2025\/02\/Interview-Jazz-and-Curious-24-25-Gaetan-Casteels-scaled-e1743547086459.jpg","articleSection":["vid\u00e9os"],"inLanguage":"nl-NL"},{"@type":"WebPage","@id":"https:\/\/www.leslundisdhortense.be\/nl\/interview-gaetan-casteels\/","url":"https:\/\/www.leslundisdhortense.be\/nl\/interview-gaetan-casteels\/","name":"Interview : Ga\u00ebtan Casteels - Les Lundis d&#039;Hortense","isPartOf":{"@id":"https:\/\/www.leslundisdhortense.be\/nl\/#website"},"primaryImageOfPage":{"@id":"https:\/\/www.leslundisdhortense.be\/nl\/interview-gaetan-casteels\/#primaryimage"},"image":{"@id":"https:\/\/www.leslundisdhortense.be\/nl\/interview-gaetan-casteels\/#primaryimage"},"thumbnailUrl":"https:\/\/www.leslundisdhortense.be\/wp-content\/uploads\/2025\/02\/Interview-Jazz-and-Curious-24-25-Gaetan-Casteels-scaled-e1743547086459.jpg","datePublished":"2025-02-19T11:18:40+00:00","dateModified":"2025-04-01T22:38:20+00:00","description":"Ga\u00ebtan Casteels is op tournee van 19 februari tot 16 maart met zijn kwintet Oza\u00edn. Bekijk nu zijn interview voor Jazz and Curious","breadcrumb":{"@id":"https:\/\/www.leslundisdhortense.be\/nl\/interview-gaetan-casteels\/#breadcrumb"},"inLanguage":"nl-NL","potentialAction":[{"@type":"ReadAction","target":["https:\/\/www.leslundisdhortense.be\/nl\/interview-gaetan-casteels\/"]}]},{"@type":"ImageObject","inLanguage":"nl-NL","@id":"https:\/\/www.leslundisdhortense.be\/nl\/interview-gaetan-casteels\/#primaryimage","url":"https:\/\/www.leslundisdhortense.be\/wp-content\/uploads\/2025\/02\/Interview-Jazz-and-Curious-24-25-Gaetan-Casteels-scaled-e1743547086459.jpg","contentUrl":"https:\/\/www.leslundisdhortense.be\/wp-content\/uploads\/2025\/02\/Interview-Jazz-and-Curious-24-25-Gaetan-Casteels-scaled-e1743547086459.jpg","width":1812,"height":1048},{"@type":"BreadcrumbList","@id":"https:\/\/www.leslundisdhortense.be\/nl\/interview-gaetan-casteels\/#breadcrumb","itemListElement":[{"@type":"ListItem","position":1,"name":"Accueil","item":"https:\/\/www.leslundisdhortense.be\/nl\/"},{"@type":"ListItem","position":2,"name":"Interview : Ga\u00ebtan Casteels"}]},{"@type":"WebSite","@id":"https:\/\/www.leslundisdhortense.be\/nl\/#website","url":"https:\/\/www.leslundisdhortense.be\/nl\/","name":"Les Lundis d'Hortense","description":"C&#039;est du jazz belge","publisher":{"@id":"https:\/\/www.leslundisdhortense.be\/nl\/#organization"},"potentialAction":[{"@type":"SearchAction","target":{"@type":"EntryPoint","urlTemplate":"https:\/\/www.leslundisdhortense.be\/nl\/?s={search_term_string}"},"query-input":{"@type":"PropertyValueSpecification","valueRequired":true,"valueName":"search_term_string"}}],"inLanguage":"nl-NL"},{"@type":"Organization","@id":"https:\/\/www.leslundisdhortense.be\/nl\/#organization","name":"Les Lundis d'Hortense","url":"https:\/\/www.leslundisdhortense.be\/nl\/","logo":{"@type":"ImageObject","inLanguage":"nl-NL","@id":"https:\/\/www.leslundisdhortense.be\/nl\/#\/schema\/logo\/image\/","url":"https:\/\/www.leslundisdhortense.be\/wp-content\/uploads\/2022\/12\/LDH-logo-negatif-couleur.jpg","contentUrl":"https:\/\/www.leslundisdhortense.be\/wp-content\/uploads\/2022\/12\/LDH-logo-negatif-couleur.jpg","width":2048,"height":2185,"caption":"Les Lundis d'Hortense"},"image":{"@id":"https:\/\/www.leslundisdhortense.be\/nl\/#\/schema\/logo\/image\/"},"sameAs":["https:\/\/www.facebook.com\/leslundisdhortense","https:\/\/x.com\/lundisdhortense","https:\/\/www.instagram.com\/leslundisdhortense\/","https:\/\/www.youtube.com\/channel\/UCrpzRDMAiXU1t-ExuavTmhA"]},{"@type":"Person","@id":"https:\/\/www.leslundisdhortense.be\/nl\/#\/schema\/person\/bfe58efbce966d9944f5159b8fdb0515","name":"Dana"}]}},"_links":{"self":[{"href":"https:\/\/www.leslundisdhortense.be\/nl\/wp-json\/wp\/v2\/posts\/124943","targetHints":{"allow":["GET"]}}],"collection":[{"href":"https:\/\/www.leslundisdhortense.be\/nl\/wp-json\/wp\/v2\/posts"}],"about":[{"href":"https:\/\/www.leslundisdhortense.be\/nl\/wp-json\/wp\/v2\/types\/post"}],"author":[{"embeddable":true,"href":"https:\/\/www.leslundisdhortense.be\/nl\/wp-json\/wp\/v2\/users\/5"}],"replies":[{"embeddable":true,"href":"https:\/\/www.leslundisdhortense.be\/nl\/wp-json\/wp\/v2\/comments?post=124943"}],"version-history":[{"count":3,"href":"https:\/\/www.leslundisdhortense.be\/nl\/wp-json\/wp\/v2\/posts\/124943\/revisions"}],"predecessor-version":[{"id":125659,"href":"https:\/\/www.leslundisdhortense.be\/nl\/wp-json\/wp\/v2\/posts\/124943\/revisions\/125659"}],"wp:featuredmedia":[{"embeddable":true,"href":"https:\/\/www.leslundisdhortense.be\/nl\/wp-json\/wp\/v2\/media\/124945"}],"wp:attachment":[{"href":"https:\/\/www.leslundisdhortense.be\/nl\/wp-json\/wp\/v2\/media?parent=124943"}],"wp:term":[{"taxonomy":"category","embeddable":true,"href":"https:\/\/www.leslundisdhortense.be\/nl\/wp-json\/wp\/v2\/categories?post=124943"},{"taxonomy":"post_tag","embeddable":true,"href":"https:\/\/www.leslundisdhortense.be\/nl\/wp-json\/wp\/v2\/tags?post=124943"}],"curies":[{"name":"wp","href":"https:\/\/api.w.org\/{rel}","templated":true}]}}